{"id":1453,"date":"2015-05-18T11:27:01","date_gmt":"2015-05-18T09:27:01","guid":{"rendered":"http:\/\/www.guildedesfromagers.fr\/wp\/?p=1453"},"modified":"2015-05-18T11:27:01","modified_gmt":"2015-05-18T09:27:01","slug":"nouveau-macaron-brode-de-la-guilde","status":"publish","type":"post","link":"https:\/\/www.guildedesfromagers.fr\/wp\/nouveau-macaron-brode-de-la-guilde\/?lang=de","title":{"rendered":"Neue gestickte Abzeichen"},"content":{"rendered":"Ein neues Produkt im Shop: Die neue Emblem gestickt.<\/p>\n<div id=\"attachment_1454\" style=\"width: 304px\" class=\"wp-caption aligncenter\"><a href=\"http:\/\/www.guildedesfromagers.fr\/shop\/de\/insignes-et-autocollants\/19-macaron-brode-guilde.html\"><img loading=\"lazy\" decoding=\"async\" aria-describedby=\"caption-attachment-1454\" class=\"wp-image-1454 size-full\" src=\"https:\/\/www.guildedesfromagers.fr\/wp\/wp-content\/uploads\/2015\/05\/macaron.png\" alt=\"macaron\" width=\"294\" height=\"296\" srcset=\"https:\/\/www.guildedesfromagers.fr\/wp\/wp-content\/uploads\/2015\/05\/macaron.png 294w, https:\/\/www.guildedesfromagers.fr\/wp\/wp-content\/uploads\/2015\/05\/macaron-100x100.png 100w, https:\/\/www.guildedesfromagers.fr\/wp\/wp-content\/uploads\/2015\/05\/macaron-150x150.png 150w\" sizes=\"auto, (max-width: 294px) 100vw, 294px\" \/><\/a><p id=\"caption-attachment-1454\" class=\"wp-caption-text\">Die neue Emblem gestickt<\/p><\/div>\n<p>&nbsp;<\/p>\n<p><a href=\"http:\/\/www.guildedesfromagers.fr\/shop\/de\/insignes-et-autocollants\/19-macaron-brode-guilde.html\">Klicken Sie hier, um die Emblem Sie im Shop der Gilde sehen<\/a>.\n<!-- AddThis Advanced Settings generic via filter on the_content --><!-- AddThis Share Buttons generic via filter on the_content -->","protected":false},"excerpt":{"rendered":"<p>Ein neues Produkt im Shop: Die neue Emblem gestickt. &nbsp; Klicken Sie hier, um die Emblem Sie im Shop der Gilde sehen.<!-- AddThis Advanced Settings generic via filter on wp_trim_excerpt --><!-- AddThis Share Buttons generic via filter on wp_trim_excerpt --><\/p>\n","protected":false},"author":5,"featured_media":0,"comment_status":"closed","ping_status":"open","sticky":false,"template":"","format":"standard","meta":{"ngg_post_thumbnail":0,"footnotes":""},"categories":[1],"tags":[],"class_list":["post-1453","post","type-post","status-publish","format-standard","hentry","category-non-classe"],"yoast_head":"<!-- This site is optimized with the Yoast SEO plugin v27.5 - https:\/\/yoast.com\/product\/yoast-seo-wordpress\/ -->\n<title>Macaron brod\u00e9 de la Guilde internationale des Fromagers<\/title>\n<meta name=\"description\" content=\"Un nouvel article dans la boutique de la Guilde : Le nouveau Macaron brod\u00e9.\" \/>\n<meta name=\"robots\" content=\"index, follow, max-snippet:-1, max-image-preview:large, max-video-preview:-1\" \/>\n<link rel=\"canonical\" href=\"https:\/\/www.guildedesfromagers.fr\/wp\/nouveau-macaron-brode-de-la-guilde\/?lang=pt\" \/>\n<meta name=\"twitter:label1\" content=\"Verfasst von\" \/>\n\t<meta name=\"twitter:data1\" content=\"La Guilde des Fromagers\" \/>\n\t<meta name=\"twitter:label2\" content=\"Gesch\u00e4tzte Lesezeit\" \/>\n\t<meta name=\"twitter:data2\" content=\"1\u00a0Minute\" \/>\n<script type=\"application\/ld+json\" class=\"yoast-schema-graph\">{\"@context\":\"https:\\\/\\\/schema.org\",\"@graph\":[{\"@type\":\"Article\",\"@id\":\"https:\\\/\\\/www.guildedesfromagers.fr\\\/wp\\\/nouveau-macaron-brode-de-la-guilde\\\/?lang=pt#article\",\"isPartOf\":{\"@id\":\"https:\\\/\\\/www.guildedesfromagers.fr\\\/wp\\\/nouveau-macaron-brode-de-la-guilde\\\/?lang=pt\"},\"author\":{\"name\":\"La Guilde des Fromagers\",\"@id\":\"https:\\\/\\\/www.guildedesfromagers.fr\\\/wp\\\/#\\\/schema\\\/person\\\/b908210ff7e1f9cdc71edee9607d80ce\"},\"headline\":\"Neue gestickte Abzeichen\",\"datePublished\":\"2015-05-18T09:27:01+00:00\",\"mainEntityOfPage\":{\"@id\":\"https:\\\/\\\/www.guildedesfromagers.fr\\\/wp\\\/nouveau-macaron-brode-de-la-guilde\\\/?lang=pt\"},\"wordCount\":201,\"image\":{\"@id\":\"https:\\\/\\\/www.guildedesfromagers.fr\\\/wp\\\/nouveau-macaron-brode-de-la-guilde\\\/?lang=pt#primaryimage\"},\"thumbnailUrl\":\"http:\\\/\\\/www.guildedesfromagers.fr\\\/wp\\\/wp-content\\\/uploads\\\/2015\\\/05\\\/macaron.png\",\"articleSection\":[\"Non class\u00e9\"],\"inLanguage\":\"de\"},{\"@type\":\"WebPage\",\"@id\":\"https:\\\/\\\/www.guildedesfromagers.fr\\\/wp\\\/nouveau-macaron-brode-de-la-guilde\\\/?lang=pt\",\"url\":\"https:\\\/\\\/www.guildedesfromagers.fr\\\/wp\\\/nouveau-macaron-brode-de-la-guilde\\\/?lang=pt\",\"name\":\"Macaron brod\u00e9 de la Guilde internationale des Fromagers\",\"isPartOf\":{\"@id\":\"https:\\\/\\\/www.guildedesfromagers.fr\\\/wp\\\/#website\"},\"primaryImageOfPage\":{\"@id\":\"https:\\\/\\\/www.guildedesfromagers.fr\\\/wp\\\/nouveau-macaron-brode-de-la-guilde\\\/?lang=pt#primaryimage\"},\"image\":{\"@id\":\"https:\\\/\\\/www.guildedesfromagers.fr\\\/wp\\\/nouveau-macaron-brode-de-la-guilde\\\/?lang=pt#primaryimage\"},\"thumbnailUrl\":\"http:\\\/\\\/www.guildedesfromagers.fr\\\/wp\\\/wp-content\\\/uploads\\\/2015\\\/05\\\/macaron.png\",\"datePublished\":\"2015-05-18T09:27:01+00:00\",\"author\":{\"@id\":\"https:\\\/\\\/www.guildedesfromagers.fr\\\/wp\\\/#\\\/schema\\\/person\\\/b908210ff7e1f9cdc71edee9607d80ce\"},\"description\":\"Un nouvel article dans la boutique de la Guilde : Le nouveau Macaron brod\u00e9.\",\"inLanguage\":\"de\",\"potentialAction\":[{\"@type\":\"ReadAction\",\"target\":[\"https:\\\/\\\/www.guildedesfromagers.fr\\\/wp\\\/nouveau-macaron-brode-de-la-guilde\\\/?lang=pt\"]}]},{\"@type\":\"ImageObject\",\"inLanguage\":\"de\",\"@id\":\"https:\\\/\\\/www.guildedesfromagers.fr\\\/wp\\\/nouveau-macaron-brode-de-la-guilde\\\/?lang=pt#primaryimage\",\"url\":\"http:\\\/\\\/www.guildedesfromagers.fr\\\/wp\\\/wp-content\\\/uploads\\\/2015\\\/05\\\/macaron.png\",\"contentUrl\":\"http:\\\/\\\/www.guildedesfromagers.fr\\\/wp\\\/wp-content\\\/uploads\\\/2015\\\/05\\\/macaron.png\"},{\"@type\":\"WebSite\",\"@id\":\"https:\\\/\\\/www.guildedesfromagers.fr\\\/wp\\\/#website\",\"url\":\"https:\\\/\\\/www.guildedesfromagers.fr\\\/wp\\\/\",\"name\":\"Guilde Internationale des Fromagers\",\"description\":\"La Guilde Internationale des Fromagers a pour vocation de f\u00e9d\u00e9rer l\u2019ensemble de la fili\u00e8re laiti\u00e8re, \u00e0 quelque niveau que ce soit.\",\"potentialAction\":[{\"@type\":\"SearchAction\",\"target\":{\"@type\":\"EntryPoint\",\"urlTemplate\":\"https:\\\/\\\/www.guildedesfromagers.fr\\\/wp\\\/?s={search_term_string}\"},\"query-input\":{\"@type\":\"PropertyValueSpecification\",\"valueRequired\":true,\"valueName\":\"search_term_string\"}}],\"inLanguage\":\"de\"},{\"@type\":\"Person\",\"@id\":\"https:\\\/\\\/www.guildedesfromagers.fr\\\/wp\\\/#\\\/schema\\\/person\\\/b908210ff7e1f9cdc71edee9607d80ce\",\"name\":\"La Guilde des Fromagers\"}]}<\/script>\n<!-- \/ Yoast SEO plugin. -->","yoast_head_json":{"title":"Macaron brod\u00e9 de la Guilde internationale des Fromagers","description":"Un nouvel article dans la boutique de la Guilde : Le nouveau Macaron brod\u00e9.","robots":{"index":"index","follow":"follow","max-snippet":"max-snippet:-1","max-image-preview":"max-image-preview:large","max-video-preview":"max-video-preview:-1"},"canonical":"https:\/\/www.guildedesfromagers.fr\/wp\/nouveau-macaron-brode-de-la-guilde\/?lang=pt","twitter_misc":{"Verfasst von":"La Guilde des Fromagers","Gesch\u00e4tzte Lesezeit":"1\u00a0Minute"},"schema":{"@context":"https:\/\/schema.org","@graph":[{"@type":"Article","@id":"https:\/\/www.guildedesfromagers.fr\/wp\/nouveau-macaron-brode-de-la-guilde\/?lang=pt#article","isPartOf":{"@id":"https:\/\/www.guildedesfromagers.fr\/wp\/nouveau-macaron-brode-de-la-guilde\/?lang=pt"},"author":{"name":"La Guilde des Fromagers","@id":"https:\/\/www.guildedesfromagers.fr\/wp\/#\/schema\/person\/b908210ff7e1f9cdc71edee9607d80ce"},"headline":"Neue gestickte Abzeichen","datePublished":"2015-05-18T09:27:01+00:00","mainEntityOfPage":{"@id":"https:\/\/www.guildedesfromagers.fr\/wp\/nouveau-macaron-brode-de-la-guilde\/?lang=pt"},"wordCount":201,"image":{"@id":"https:\/\/www.guildedesfromagers.fr\/wp\/nouveau-macaron-brode-de-la-guilde\/?lang=pt#primaryimage"},"thumbnailUrl":"http:\/\/www.guildedesfromagers.fr\/wp\/wp-content\/uploads\/2015\/05\/macaron.png","articleSection":["Non class\u00e9"],"inLanguage":"de"},{"@type":"WebPage","@id":"https:\/\/www.guildedesfromagers.fr\/wp\/nouveau-macaron-brode-de-la-guilde\/?lang=pt","url":"https:\/\/www.guildedesfromagers.fr\/wp\/nouveau-macaron-brode-de-la-guilde\/?lang=pt","name":"Macaron brod\u00e9 de la Guilde internationale des Fromagers","isPartOf":{"@id":"https:\/\/www.guildedesfromagers.fr\/wp\/#website"},"primaryImageOfPage":{"@id":"https:\/\/www.guildedesfromagers.fr\/wp\/nouveau-macaron-brode-de-la-guilde\/?lang=pt#primaryimage"},"image":{"@id":"https:\/\/www.guildedesfromagers.fr\/wp\/nouveau-macaron-brode-de-la-guilde\/?lang=pt#primaryimage"},"thumbnailUrl":"http:\/\/www.guildedesfromagers.fr\/wp\/wp-content\/uploads\/2015\/05\/macaron.png","datePublished":"2015-05-18T09:27:01+00:00","author":{"@id":"https:\/\/www.guildedesfromagers.fr\/wp\/#\/schema\/person\/b908210ff7e1f9cdc71edee9607d80ce"},"description":"Un nouvel article dans la boutique de la Guilde : Le nouveau Macaron brod\u00e9.","inLanguage":"de","potentialAction":[{"@type":"ReadAction","target":["https:\/\/www.guildedesfromagers.fr\/wp\/nouveau-macaron-brode-de-la-guilde\/?lang=pt"]}]},{"@type":"ImageObject","inLanguage":"de","@id":"https:\/\/www.guildedesfromagers.fr\/wp\/nouveau-macaron-brode-de-la-guilde\/?lang=pt#primaryimage","url":"http:\/\/www.guildedesfromagers.fr\/wp\/wp-content\/uploads\/2015\/05\/macaron.png","contentUrl":"http:\/\/www.guildedesfromagers.fr\/wp\/wp-content\/uploads\/2015\/05\/macaron.png"},{"@type":"WebSite","@id":"https:\/\/www.guildedesfromagers.fr\/wp\/#website","url":"https:\/\/www.guildedesfromagers.fr\/wp\/","name":"Guilde Internationale des Fromagers","description":"La Guilde Internationale des Fromagers a pour vocation de f\u00e9d\u00e9rer l\u2019ensemble de la fili\u00e8re laiti\u00e8re, \u00e0 quelque niveau que ce soit.","potentialAction":[{"@type":"SearchAction","target":{"@type":"EntryPoint","urlTemplate":"https:\/\/www.guildedesfromagers.fr\/wp\/?s={search_term_string}"},"query-input":{"@type":"PropertyValueSpecification","valueRequired":true,"valueName":"search_term_string"}}],"inLanguage":"de"},{"@type":"Person","@id":"https:\/\/www.guildedesfromagers.fr\/wp\/#\/schema\/person\/b908210ff7e1f9cdc71edee9607d80ce","name":"La Guilde des Fromagers"}]}},"_links":{"self":[{"href":"https:\/\/www.guildedesfromagers.fr\/wp\/wp-json\/wp\/v2\/posts\/1453","targetHints":{"allow":["GET"]}}],"collection":[{"href":"https:\/\/www.guildedesfromagers.fr\/wp\/wp-json\/wp\/v2\/posts"}],"about":[{"href":"https:\/\/www.guildedesfromagers.fr\/wp\/wp-json\/wp\/v2\/types\/post"}],"author":[{"embeddable":true,"href":"https:\/\/www.guildedesfromagers.fr\/wp\/wp-json\/wp\/v2\/users\/5"}],"replies":[{"embeddable":true,"href":"https:\/\/www.guildedesfromagers.fr\/wp\/wp-json\/wp\/v2\/comments?post=1453"}],"version-history":[{"count":1,"href":"https:\/\/www.guildedesfromagers.fr\/wp\/wp-json\/wp\/v2\/posts\/1453\/revisions"}],"predecessor-version":[{"id":1455,"href":"https:\/\/www.guildedesfromagers.fr\/wp\/wp-json\/wp\/v2\/posts\/1453\/revisions\/1455"}],"wp:attachment":[{"href":"https:\/\/www.guildedesfromagers.fr\/wp\/wp-json\/wp\/v2\/media?parent=1453"}],"wp:term":[{"taxonomy":"category","embeddable":true,"href":"https:\/\/www.guildedesfromagers.fr\/wp\/wp-json\/wp\/v2\/categories?post=1453"},{"taxonomy":"post_tag","embeddable":true,"href":"https:\/\/www.guildedesfromagers.fr\/wp\/wp-json\/wp\/v2\/tags?post=1453"}],"curies":[{"name":"wp","href":"https:\/\/api.w.org\/{rel}","templated":true}]}}